{"id":1474,"date":"2023-09-08T15:56:48","date_gmt":"2023-09-08T20:56:48","guid":{"rendered":"https:\/\/ciclismoantioquia.com\/?p=1474"},"modified":"2023-09-08T15:56:49","modified_gmt":"2023-09-08T20:56:49","slug":"medalla-al-merito-copaci-a-don-javier-rios-marin","status":"publish","type":"post","link":"https:\/\/ciclismoantioquia.com\/sitio\/medalla-al-merito-copaci-a-don-javier-rios-marin\/","title":{"rendered":"Medalla al M\u00e9rito COPACI a don Javier R\u00edos Mar\u00edn"},"content":{"rendered":"\n<p class=\"wp-block-paragraph\">Este viernes 8 de septiembre, la Confederaci\u00f3n Panamericana de Ciclismo, en cabeza de su presidente Jos\u00e9 Manuel Pel\u00e1ez, otorg\u00f3 una Medalla al M\u00e9rito COPACI al se\u00f1or Javier R\u00edos Mar\u00edn, directivo del ciclismo y expresidente de la Liga de Ciclismo de Antioquia, por las labores en pro del desarrollo y crecimiento de este deporte por m\u00e1s de 30 a\u00f1os.<\/p>\n\n\n\n<p class=\"wp-block-paragraph\">Este reconocimiento por parte del ente rector del ciclismo en el continente, hace parte de las muestras de agradecimiento que se vienen haciendo con directivos del ciclismo en todo el continente, con la intenci\u00f3n de reconocer en vida su invaluable aporte  no solo por el ciclismo, si no por cambiar la vida de centenares de deportistas en este lado del mundo.<\/p>\n\n\n\n<p class=\"wp-block-paragraph\">Don Javier ha sido uno de los grandes adalides del deporte pedal en el departamento, liderando la organizaci\u00f3n de competencias en Antioquia de ruta, BMX, MTB y pista, adem\u00e1s gestionando los recursos y apoyando a j\u00f3venes de todas las subregiones para que encontraran en este deporte un camino en la vida. Mil gracias a don Javier, y el legado de trabajo y cari\u00f1o por el deporte que nos ha dejado.<\/p>\n\n\n\n<figure class=\"wp-block-gallery has-nested-images columns-default is-cropped wp-block-gallery-1 is-layout-flex wp-block-gallery-is-layout-flex\">\n<figure class=\"wp-block-image size-large\"><img fetchpriority=\"high\" decoding=\"async\" width=\"576\" height=\"1024\" data-id=\"1478\" src=\"https:\/\/ciclismoantioquia.com\/sitio\/wp-content\/uploads\/2023\/09\/WhatsApp-Image-2023-09-08-at-15.48.26-576x1024.jpeg\" alt=\"\" class=\"wp-image-1478\" srcset=\"https:\/\/ciclismoantioquia.com\/sitio\/wp-content\/uploads\/2023\/09\/WhatsApp-Image-2023-09-08-at-15.48.26-576x1024.jpeg 576w, https:\/\/ciclismoantioquia.com\/sitio\/wp-content\/uploads\/2023\/09\/WhatsApp-Image-2023-09-08-at-15.48.26-169x300.jpeg 169w, https:\/\/ciclismoantioquia.com\/sitio\/wp-content\/uploads\/2023\/09\/WhatsApp-Image-2023-09-08-at-15.48.26-768x1365.jpeg 768w, https:\/\/ciclismoantioquia.com\/sitio\/wp-content\/uploads\/2023\/09\/WhatsApp-Image-2023-09-08-at-15.48.26-864x1536.jpeg 864w, https:\/\/ciclismoantioquia.com\/sitio\/wp-content\/uploads\/2023\/09\/WhatsApp-Image-2023-09-08-at-15.48.26.jpeg 900w\" sizes=\"(max-width: 576px) 100vw, 576px\" \/><\/figure>\n\n\n\n<figure class=\"wp-block-image size-large\"><img decoding=\"async\" width=\"576\" height=\"1024\" data-id=\"1475\" src=\"https:\/\/ciclismoantioquia.com\/sitio\/wp-content\/uploads\/2023\/09\/WhatsApp-Image-2023-09-08-at-15.48.25-576x1024.jpeg\" alt=\"\" class=\"wp-image-1475\" srcset=\"https:\/\/ciclismoantioquia.com\/sitio\/wp-content\/uploads\/2023\/09\/WhatsApp-Image-2023-09-08-at-15.48.25-576x1024.jpeg 576w, https:\/\/ciclismoantioquia.com\/sitio\/wp-content\/uploads\/2023\/09\/WhatsApp-Image-2023-09-08-at-15.48.25-169x300.jpeg 169w, https:\/\/ciclismoantioquia.com\/sitio\/wp-content\/uploads\/2023\/09\/WhatsApp-Image-2023-09-08-at-15.48.25-768x1365.jpeg 768w, https:\/\/ciclismoantioquia.com\/sitio\/wp-content\/uploads\/2023\/09\/WhatsApp-Image-2023-09-08-at-15.48.25-864x1536.jpeg 864w, https:\/\/ciclismoantioquia.com\/sitio\/wp-content\/uploads\/2023\/09\/WhatsApp-Image-2023-09-08-at-15.48.25.jpeg 900w\" sizes=\"(max-width: 576px) 100vw, 576px\" \/><\/figure>\n\n\n\n<figure class=\"wp-block-image size-large\"><img decoding=\"async\" width=\"768\" height=\"1024\" data-id=\"1479\" src=\"https:\/\/ciclismoantioquia.com\/sitio\/wp-content\/uploads\/2023\/09\/WhatsApp-Image-2023-09-08-at-15.48.24-768x1024.jpeg\" alt=\"\" class=\"wp-image-1479\" srcset=\"https:\/\/ciclismoantioquia.com\/sitio\/wp-content\/uploads\/2023\/09\/WhatsApp-Image-2023-09-08-at-15.48.24-768x1024.jpeg 768w, https:\/\/ciclismoantioquia.com\/sitio\/wp-content\/uploads\/2023\/09\/WhatsApp-Image-2023-09-08-at-15.48.24-225x300.jpeg 225w, https:\/\/ciclismoantioquia.com\/sitio\/wp-content\/uploads\/2023\/09\/WhatsApp-Image-2023-09-08-at-15.48.24-1152x1536.jpeg 1152w, https:\/\/ciclismoantioquia.com\/sitio\/wp-content\/uploads\/2023\/09\/WhatsApp-Image-2023-09-08-at-15.48.24.jpeg 1200w\" sizes=\"(max-width: 768px) 100vw, 768px\" \/><\/figure>\n\n\n\n<figure class=\"wp-block-image size-large\"><img loading=\"lazy\" decoding=\"async\" width=\"1024\" height=\"768\" data-id=\"1477\" src=\"https:\/\/ciclismoantioquia.com\/sitio\/wp-content\/uploads\/2023\/09\/WhatsApp-Image-2023-09-08-at-15.48.22-1024x768.jpeg\" alt=\"\" class=\"wp-image-1477\" srcset=\"https:\/\/ciclismoantioquia.com\/sitio\/wp-content\/uploads\/2023\/09\/WhatsApp-Image-2023-09-08-at-15.48.22-1024x768.jpeg 1024w, https:\/\/ciclismoantioquia.com\/sitio\/wp-content\/uploads\/2023\/09\/WhatsApp-Image-2023-09-08-at-15.48.22-300x225.jpeg 300w, https:\/\/ciclismoantioquia.com\/sitio\/wp-content\/uploads\/2023\/09\/WhatsApp-Image-2023-09-08-at-15.48.22-768x576.jpeg 768w, https:\/\/ciclismoantioquia.com\/sitio\/wp-content\/uploads\/2023\/09\/WhatsApp-Image-2023-09-08-at-15.48.22-1536x1152.jpeg 1536w, https:\/\/ciclismoantioquia.com\/sitio\/wp-content\/uploads\/2023\/09\/WhatsApp-Image-2023-09-08-at-15.48.22.jpeg 1600w\" sizes=\"(max-width: 1024px) 100vw, 1024px\" \/><\/figure>\n\n\n\n<figure class=\"wp-block-image size-large\"><img loading=\"lazy\" decoding=\"async\" width=\"768\" height=\"1024\" data-id=\"1480\" src=\"https:\/\/ciclismoantioquia.com\/sitio\/wp-content\/uploads\/2023\/09\/WhatsApp-Image-2023-09-08-at-15.48.24-1-768x1024.jpeg\" alt=\"\" class=\"wp-image-1480\" srcset=\"https:\/\/ciclismoantioquia.com\/sitio\/wp-content\/uploads\/2023\/09\/WhatsApp-Image-2023-09-08-at-15.48.24-1-768x1024.jpeg 768w, https:\/\/ciclismoantioquia.com\/sitio\/wp-content\/uploads\/2023\/09\/WhatsApp-Image-2023-09-08-at-15.48.24-1-225x300.jpeg 225w, https:\/\/ciclismoantioquia.com\/sitio\/wp-content\/uploads\/2023\/09\/WhatsApp-Image-2023-09-08-at-15.48.24-1-1152x1536.jpeg 1152w, https:\/\/ciclismoantioquia.com\/sitio\/wp-content\/uploads\/2023\/09\/WhatsApp-Image-2023-09-08-at-15.48.24-1.jpeg 1200w\" sizes=\"(max-width: 768px) 100vw, 768px\" \/><\/figure>\n<\/figure>\n\n\n\n<figure class=\"wp-block-embed is-type-video is-provider-youtube wp-block-embed-youtube wp-embed-aspect-16-9 wp-has-aspect-ratio\"><div class=\"wp-block-embed__wrapper\">\n<iframe title=\"Reconocimiento Medalla al m\u00e9rito COPACI a don Javier R\u00edos Mar\u00edn\" width=\"800\" height=\"450\" src=\"https:\/\/www.youtube.com\/embed\/O4nxknamA3M?feature=oembed\" frameborder=\"0\" allow=\"accelerometer; autoplay; clipboard-write; encrypted-media; gyroscope; picture-in-picture; web-share\" allowfullscreen><\/iframe>\n<\/div><figcaption class=\"wp-element-caption\">Im\u00e1genes de la entrega del reconocimiento Medalla al M\u00e9rito COPACI<\/figcaption><\/figure>\n\n\n\n<figure class=\"wp-block-embed is-type-video is-provider-youtube wp-block-embed-youtube wp-embed-aspect-16-9 wp-has-aspect-ratio\"><div class=\"wp-block-embed__wrapper\">\n<iframe title=\"Declaraciones Medalla al M\u00e9rito COPACI a don Javier R\u00edos Mar\u00edn\" width=\"800\" height=\"450\" src=\"https:\/\/www.youtube.com\/embed\/5cUTdg5Jerc?feature=oembed\" frameborder=\"0\" allow=\"accelerometer; autoplay; clipboard-write; encrypted-media; gyroscope; picture-in-picture; web-share\" allowfullscreen><\/iframe>\n<\/div><figcaption class=\"wp-element-caption\">Im\u00e1genes de la entrega del reconocimiento Medalla al M\u00e9rito COPACI<\/figcaption><\/figure>\n","protected":false},"excerpt":{"rendered":"<p>La Confederaci\u00f3n Panamericana de Ciclismo COPACI entreg\u00f3 Medalla al M\u00e9rito a don Javier R\u00edos Mar\u00edn<\/p>\n","protected":false},"author":1,"featured_media":0,"comment_status":"open","ping_status":"open","sticky":false,"template":"","format":"standard","meta":{"footnotes":""},"categories":[1],"tags":[],"class_list":["post-1474","post","type-post","status-publish","format-standard","hentry","category-noticia"],"yoast_head":"<!-- This site is optimized with the Yoast SEO plugin v23.0 - https:\/\/yoast.com\/wordpress\/plugins\/seo\/ -->\n<title>Medalla al M\u00e9rito COPACI a don Javier R\u00edos Mar\u00edn - Ciclismo Antioquia<\/title>\n<meta name=\"robots\" content=\"index, follow, max-snippet:-1, max-image-preview:large, max-video-preview:-1\" \/>\n<link rel=\"canonical\" href=\"https:\/\/ciclismoantioquia.com\/sitio\/medalla-al-merito-copaci-a-don-javier-rios-marin\/\" \/>\n<meta property=\"og:locale\" content=\"es_ES\" \/>\n<meta property=\"og:type\" content=\"article\" \/>\n<meta property=\"og:title\" content=\"Medalla al M\u00e9rito COPACI a don Javier R\u00edos Mar\u00edn - Ciclismo Antioquia\" \/>\n<meta property=\"og:description\" content=\"La Confederaci\u00f3n Panamericana de Ciclismo COPACI entreg\u00f3 Medalla al M\u00e9rito a don Javier R\u00edos Mar\u00edn\" \/>\n<meta property=\"og:url\" content=\"https:\/\/ciclismoantioquia.com\/sitio\/medalla-al-merito-copaci-a-don-javier-rios-marin\/\" \/>\n<meta property=\"og:site_name\" content=\"Ciclismo Antioquia\" \/>\n<meta property=\"article:published_time\" content=\"2023-09-08T20:56:48+00:00\" \/>\n<meta property=\"article:modified_time\" content=\"2023-09-08T20:56:49+00:00\" \/>\n<meta property=\"og:image\" content=\"https:\/\/ciclismoantioquia.com\/sitio\/wp-content\/uploads\/2023\/09\/WhatsApp-Image-2023-09-08-at-15.48.26-576x1024.jpeg\" \/>\n<meta name=\"author\" content=\"andand\" \/>\n<meta name=\"twitter:card\" content=\"summary_large_image\" \/>\n<meta name=\"twitter:label1\" content=\"Escrito por\" \/>\n\t<meta name=\"twitter:data1\" content=\"andand\" \/>\n\t<meta name=\"twitter:label2\" content=\"Tiempo de lectura\" \/>\n\t<meta name=\"twitter:data2\" content=\"2 minutos\" \/>\n<script type=\"application\/ld+json\" class=\"yoast-schema-graph\">{\"@context\":\"https:\/\/schema.org\",\"@graph\":[{\"@type\":\"Article\",\"@id\":\"https:\/\/ciclismoantioquia.com\/sitio\/medalla-al-merito-copaci-a-don-javier-rios-marin\/#article\",\"isPartOf\":{\"@id\":\"https:\/\/ciclismoantioquia.com\/sitio\/medalla-al-merito-copaci-a-don-javier-rios-marin\/\"},\"author\":{\"name\":\"andand\",\"@id\":\"https:\/\/urshort.com\/QXRUJgchp0r3\/#\/schema\/person\/b7621f832af431ae05ed36683eeefcee\"},\"headline\":\"Medalla al M\u00e9rito COPACI a don Javier R\u00edos Mar\u00edn\",\"datePublished\":\"2023-09-08T20:56:48+00:00\",\"dateModified\":\"2023-09-08T20:56:49+00:00\",\"mainEntityOfPage\":{\"@id\":\"https:\/\/ciclismoantioquia.com\/sitio\/medalla-al-merito-copaci-a-don-javier-rios-marin\/\"},\"wordCount\":253,\"commentCount\":0,\"publisher\":{\"@id\":\"https:\/\/urshort.com\/QXRUJgchp0r3\/#organization\"},\"image\":{\"@id\":\"https:\/\/ciclismoantioquia.com\/sitio\/medalla-al-merito-copaci-a-don-javier-rios-marin\/#primaryimage\"},\"thumbnailUrl\":\"https:\/\/ciclismoantioquia.com\/sitio\/wp-content\/uploads\/2023\/09\/WhatsApp-Image-2023-09-08-at-15.48.26-576x1024.jpeg\",\"articleSection\":[\"Noticia\"],\"inLanguage\":\"es\",\"potentialAction\":[{\"@type\":\"CommentAction\",\"name\":\"Comment\",\"target\":[\"https:\/\/ciclismoantioquia.com\/sitio\/medalla-al-merito-copaci-a-don-javier-rios-marin\/#respond\"]}]},{\"@type\":\"WebPage\",\"@id\":\"https:\/\/ciclismoantioquia.com\/sitio\/medalla-al-merito-copaci-a-don-javier-rios-marin\/\",\"url\":\"https:\/\/ciclismoantioquia.com\/sitio\/medalla-al-merito-copaci-a-don-javier-rios-marin\/\",\"name\":\"Medalla al M\u00e9rito COPACI a don Javier R\u00edos Mar\u00edn - Ciclismo Antioquia\",\"isPartOf\":{\"@id\":\"https:\/\/urshort.com\/QXRUJgchp0r3\/#website\"},\"primaryImageOfPage\":{\"@id\":\"https:\/\/ciclismoantioquia.com\/sitio\/medalla-al-merito-copaci-a-don-javier-rios-marin\/#primaryimage\"},\"image\":{\"@id\":\"https:\/\/ciclismoantioquia.com\/sitio\/medalla-al-merito-copaci-a-don-javier-rios-marin\/#primaryimage\"},\"thumbnailUrl\":\"https:\/\/ciclismoantioquia.com\/sitio\/wp-content\/uploads\/2023\/09\/WhatsApp-Image-2023-09-08-at-15.48.26-576x1024.jpeg\",\"datePublished\":\"2023-09-08T20:56:48+00:00\",\"dateModified\":\"2023-09-08T20:56:49+00:00\",\"breadcrumb\":{\"@id\":\"https:\/\/ciclismoantioquia.com\/sitio\/medalla-al-merito-copaci-a-don-javier-rios-marin\/#breadcrumb\"},\"inLanguage\":\"es\",\"potentialAction\":[{\"@type\":\"ReadAction\",\"target\":[\"https:\/\/ciclismoantioquia.com\/sitio\/medalla-al-merito-copaci-a-don-javier-rios-marin\/\"]}]},{\"@type\":\"ImageObject\",\"inLanguage\":\"es\",\"@id\":\"https:\/\/ciclismoantioquia.com\/sitio\/medalla-al-merito-copaci-a-don-javier-rios-marin\/#primaryimage\",\"url\":\"https:\/\/ciclismoantioquia.com\/sitio\/wp-content\/uploads\/2023\/09\/WhatsApp-Image-2023-09-08-at-15.48.26-576x1024.jpeg\",\"contentUrl\":\"https:\/\/ciclismoantioquia.com\/sitio\/wp-content\/uploads\/2023\/09\/WhatsApp-Image-2023-09-08-at-15.48.26-576x1024.jpeg\"},{\"@type\":\"BreadcrumbList\",\"@id\":\"https:\/\/ciclismoantioquia.com\/sitio\/medalla-al-merito-copaci-a-don-javier-rios-marin\/#breadcrumb\",\"itemListElement\":[{\"@type\":\"ListItem\",\"position\":1,\"name\":\"Inicio\",\"item\":\"https:\/\/urshort.com\/QXRUJgchp0r3\/\"},{\"@type\":\"ListItem\",\"position\":2,\"name\":\"Medalla al M\u00e9rito COPACI a don Javier R\u00edos Mar\u00edn\"}]},{\"@type\":\"WebSite\",\"@id\":\"https:\/\/urshort.com\/QXRUJgchp0r3\/#website\",\"url\":\"https:\/\/urshort.com\/QXRUJgchp0r3\/\",\"name\":\"Ciclismo Antioquia\",\"description\":\"Otro sitio realizado con WordPress\",\"publisher\":{\"@id\":\"https:\/\/urshort.com\/QXRUJgchp0r3\/#organization\"},\"potentialAction\":[{\"@type\":\"SearchAction\",\"target\":{\"@type\":\"EntryPoint\",\"urlTemplate\":\"https:\/\/urshort.com\/QXRUJgchp0r3\/?s={search_term_string}\"},\"query-input\":\"required name=search_term_string\"}],\"inLanguage\":\"es\"},{\"@type\":\"Organization\",\"@id\":\"https:\/\/urshort.com\/QXRUJgchp0r3\/#organization\",\"name\":\"Ciclismo Antioquia\",\"url\":\"https:\/\/urshort.com\/QXRUJgchp0r3\/\",\"logo\":{\"@type\":\"ImageObject\",\"inLanguage\":\"es\",\"@id\":\"https:\/\/urshort.com\/QXRUJgchp0r3\/#\/schema\/logo\/image\/\",\"url\":\"https:\/\/ciclismoantioquia.com\/sitio\/wp-content\/uploads\/2023\/06\/Logo-original.svg\",\"contentUrl\":\"https:\/\/ciclismoantioquia.com\/sitio\/wp-content\/uploads\/2023\/06\/Logo-original.svg\",\"width\":121,\"height\":70,\"caption\":\"Ciclismo Antioquia\"},\"image\":{\"@id\":\"https:\/\/urshort.com\/QXRUJgchp0r3\/#\/schema\/logo\/image\/\"}},{\"@type\":\"Person\",\"@id\":\"https:\/\/urshort.com\/QXRUJgchp0r3\/#\/schema\/person\/b7621f832af431ae05ed36683eeefcee\",\"name\":\"andand\",\"image\":{\"@type\":\"ImageObject\",\"inLanguage\":\"es\",\"@id\":\"https:\/\/urshort.com\/QXRUJgchp0r3\/#\/schema\/person\/image\/\",\"url\":\"https:\/\/secure.gravatar.com\/avatar\/c4eb28403e49f705eaf42668e9fd473aa06f4819fe6f18598e37cc4d90449c9b?s=96&d=mm&r=g\",\"contentUrl\":\"https:\/\/secure.gravatar.com\/avatar\/c4eb28403e49f705eaf42668e9fd473aa06f4819fe6f18598e37cc4d90449c9b?s=96&d=mm&r=g\",\"caption\":\"andand\"},\"sameAs\":[\"https:\/\/ciclismoantioquia.com\/sitio\"],\"url\":\"https:\/\/ciclismoantioquia.com\/sitio\/author\/andand\/\"}]}<\/script>\n<!-- \/ Yoast SEO plugin. -->","yoast_head_json":{"title":"Medalla al M\u00e9rito COPACI a don Javier R\u00edos Mar\u00edn - Ciclismo Antioquia","robots":{"index":"index","follow":"follow","max-snippet":"max-snippet:-1","max-image-preview":"max-image-preview:large","max-video-preview":"max-video-preview:-1"},"canonical":"https:\/\/ciclismoantioquia.com\/sitio\/medalla-al-merito-copaci-a-don-javier-rios-marin\/","og_locale":"es_ES","og_type":"article","og_title":"Medalla al M\u00e9rito COPACI a don Javier R\u00edos Mar\u00edn - Ciclismo Antioquia","og_description":"La Confederaci\u00f3n Panamericana de Ciclismo COPACI entreg\u00f3 Medalla al M\u00e9rito a don Javier R\u00edos Mar\u00edn","og_url":"https:\/\/ciclismoantioquia.com\/sitio\/medalla-al-merito-copaci-a-don-javier-rios-marin\/","og_site_name":"Ciclismo Antioquia","article_published_time":"2023-09-08T20:56:48+00:00","article_modified_time":"2023-09-08T20:56:49+00:00","og_image":[{"url":"https:\/\/ciclismoantioquia.com\/sitio\/wp-content\/uploads\/2023\/09\/WhatsApp-Image-2023-09-08-at-15.48.26-576x1024.jpeg"}],"author":"andand","twitter_card":"summary_large_image","twitter_misc":{"Escrito por":"andand","Tiempo de lectura":"2 minutos"},"schema":{"@context":"https:\/\/schema.org","@graph":[{"@type":"Article","@id":"https:\/\/ciclismoantioquia.com\/sitio\/medalla-al-merito-copaci-a-don-javier-rios-marin\/#article","isPartOf":{"@id":"https:\/\/ciclismoantioquia.com\/sitio\/medalla-al-merito-copaci-a-don-javier-rios-marin\/"},"author":{"name":"andand","@id":"https:\/\/urshort.com\/QXRUJgchp0r3\/#\/schema\/person\/b7621f832af431ae05ed36683eeefcee"},"headline":"Medalla al M\u00e9rito COPACI a don Javier R\u00edos Mar\u00edn","datePublished":"2023-09-08T20:56:48+00:00","dateModified":"2023-09-08T20:56:49+00:00","mainEntityOfPage":{"@id":"https:\/\/ciclismoantioquia.com\/sitio\/medalla-al-merito-copaci-a-don-javier-rios-marin\/"},"wordCount":253,"commentCount":0,"publisher":{"@id":"https:\/\/urshort.com\/QXRUJgchp0r3\/#organization"},"image":{"@id":"https:\/\/ciclismoantioquia.com\/sitio\/medalla-al-merito-copaci-a-don-javier-rios-marin\/#primaryimage"},"thumbnailUrl":"https:\/\/ciclismoantioquia.com\/sitio\/wp-content\/uploads\/2023\/09\/WhatsApp-Image-2023-09-08-at-15.48.26-576x1024.jpeg","articleSection":["Noticia"],"inLanguage":"es","potentialAction":[{"@type":"CommentAction","name":"Comment","target":["https:\/\/ciclismoantioquia.com\/sitio\/medalla-al-merito-copaci-a-don-javier-rios-marin\/#respond"]}]},{"@type":"WebPage","@id":"https:\/\/ciclismoantioquia.com\/sitio\/medalla-al-merito-copaci-a-don-javier-rios-marin\/","url":"https:\/\/ciclismoantioquia.com\/sitio\/medalla-al-merito-copaci-a-don-javier-rios-marin\/","name":"Medalla al M\u00e9rito COPACI a don Javier R\u00edos Mar\u00edn - Ciclismo Antioquia","isPartOf":{"@id":"https:\/\/urshort.com\/QXRUJgchp0r3\/#website"},"primaryImageOfPage":{"@id":"https:\/\/ciclismoantioquia.com\/sitio\/medalla-al-merito-copaci-a-don-javier-rios-marin\/#primaryimage"},"image":{"@id":"https:\/\/ciclismoantioquia.com\/sitio\/medalla-al-merito-copaci-a-don-javier-rios-marin\/#primaryimage"},"thumbnailUrl":"https:\/\/ciclismoantioquia.com\/sitio\/wp-content\/uploads\/2023\/09\/WhatsApp-Image-2023-09-08-at-15.48.26-576x1024.jpeg","datePublished":"2023-09-08T20:56:48+00:00","dateModified":"2023-09-08T20:56:49+00:00","breadcrumb":{"@id":"https:\/\/ciclismoantioquia.com\/sitio\/medalla-al-merito-copaci-a-don-javier-rios-marin\/#breadcrumb"},"inLanguage":"es","potentialAction":[{"@type":"ReadAction","target":["https:\/\/ciclismoantioquia.com\/sitio\/medalla-al-merito-copaci-a-don-javier-rios-marin\/"]}]},{"@type":"ImageObject","inLanguage":"es","@id":"https:\/\/ciclismoantioquia.com\/sitio\/medalla-al-merito-copaci-a-don-javier-rios-marin\/#primaryimage","url":"https:\/\/ciclismoantioquia.com\/sitio\/wp-content\/uploads\/2023\/09\/WhatsApp-Image-2023-09-08-at-15.48.26-576x1024.jpeg","contentUrl":"https:\/\/ciclismoantioquia.com\/sitio\/wp-content\/uploads\/2023\/09\/WhatsApp-Image-2023-09-08-at-15.48.26-576x1024.jpeg"},{"@type":"BreadcrumbList","@id":"https:\/\/ciclismoantioquia.com\/sitio\/medalla-al-merito-copaci-a-don-javier-rios-marin\/#breadcrumb","itemListElement":[{"@type":"ListItem","position":1,"name":"Inicio","item":"https:\/\/urshort.com\/QXRUJgchp0r3\/"},{"@type":"ListItem","position":2,"name":"Medalla al M\u00e9rito COPACI a don Javier R\u00edos Mar\u00edn"}]},{"@type":"WebSite","@id":"https:\/\/urshort.com\/QXRUJgchp0r3\/#website","url":"https:\/\/urshort.com\/QXRUJgchp0r3\/","name":"Ciclismo Antioquia","description":"Otro sitio realizado con WordPress","publisher":{"@id":"https:\/\/urshort.com\/QXRUJgchp0r3\/#organization"},"potentialAction":[{"@type":"SearchAction","target":{"@type":"EntryPoint","urlTemplate":"https:\/\/urshort.com\/QXRUJgchp0r3\/?s={search_term_string}"},"query-input":"required name=search_term_string"}],"inLanguage":"es"},{"@type":"Organization","@id":"https:\/\/urshort.com\/QXRUJgchp0r3\/#organization","name":"Ciclismo Antioquia","url":"https:\/\/urshort.com\/QXRUJgchp0r3\/","logo":{"@type":"ImageObject","inLanguage":"es","@id":"https:\/\/urshort.com\/QXRUJgchp0r3\/#\/schema\/logo\/image\/","url":"https:\/\/ciclismoantioquia.com\/sitio\/wp-content\/uploads\/2023\/06\/Logo-original.svg","contentUrl":"https:\/\/ciclismoantioquia.com\/sitio\/wp-content\/uploads\/2023\/06\/Logo-original.svg","width":121,"height":70,"caption":"Ciclismo Antioquia"},"image":{"@id":"https:\/\/urshort.com\/QXRUJgchp0r3\/#\/schema\/logo\/image\/"}},{"@type":"Person","@id":"https:\/\/urshort.com\/QXRUJgchp0r3\/#\/schema\/person\/b7621f832af431ae05ed36683eeefcee","name":"andand","image":{"@type":"ImageObject","inLanguage":"es","@id":"https:\/\/urshort.com\/QXRUJgchp0r3\/#\/schema\/person\/image\/","url":"https:\/\/secure.gravatar.com\/avatar\/c4eb28403e49f705eaf42668e9fd473aa06f4819fe6f18598e37cc4d90449c9b?s=96&d=mm&r=g","contentUrl":"https:\/\/secure.gravatar.com\/avatar\/c4eb28403e49f705eaf42668e9fd473aa06f4819fe6f18598e37cc4d90449c9b?s=96&d=mm&r=g","caption":"andand"},"sameAs":["https:\/\/ciclismoantioquia.com\/sitio"],"url":"https:\/\/ciclismoantioquia.com\/sitio\/author\/andand\/"}]}},"_links":{"self":[{"href":"https:\/\/ciclismoantioquia.com\/sitio\/wp-json\/wp\/v2\/posts\/1474","targetHints":{"allow":["GET"]}}],"collection":[{"href":"https:\/\/ciclismoantioquia.com\/sitio\/wp-json\/wp\/v2\/posts"}],"about":[{"href":"https:\/\/ciclismoantioquia.com\/sitio\/wp-json\/wp\/v2\/types\/post"}],"author":[{"embeddable":true,"href":"https:\/\/ciclismoantioquia.com\/sitio\/wp-json\/wp\/v2\/users\/1"}],"replies":[{"embeddable":true,"href":"https:\/\/ciclismoantioquia.com\/sitio\/wp-json\/wp\/v2\/comments?post=1474"}],"version-history":[{"count":1,"href":"https:\/\/ciclismoantioquia.com\/sitio\/wp-json\/wp\/v2\/posts\/1474\/revisions"}],"predecessor-version":[{"id":1481,"href":"https:\/\/ciclismoantioquia.com\/sitio\/wp-json\/wp\/v2\/posts\/1474\/revisions\/1481"}],"wp:attachment":[{"href":"https:\/\/ciclismoantioquia.com\/sitio\/wp-json\/wp\/v2\/media?parent=1474"}],"wp:term":[{"taxonomy":"category","embeddable":true,"href":"https:\/\/ciclismoantioquia.com\/sitio\/wp-json\/wp\/v2\/categories?post=1474"},{"taxonomy":"post_tag","embeddable":true,"href":"https:\/\/ciclismoantioquia.com\/sitio\/wp-json\/wp\/v2\/tags?post=1474"}],"curies":[{"name":"wp","href":"https:\/\/api.w.org\/{rel}","templated":true}]}}